{"id":5097,"date":"2026-03-11T21:29:23","date_gmt":"2026-03-11T20:29:23","guid":{"rendered":"https:\/\/www.cena.de\/?p=5097"},"modified":"2026-03-11T22:12:09","modified_gmt":"2026-03-11T21:12:09","slug":"danke-ulm-ein-blick-zurueck-auf-die-kpa","status":"publish","type":"post","link":"https:\/\/www.cena.de\/en\/danke-ulm-ein-blick-zurueck-auf-die-kpa\/","title":{"rendered":"Danke Ulm! Ein Blick zur\u00fcck auf die KPA."},"content":{"rendered":"<p>Zwei spannende und intensive Tage liegen hinter uns: Die KPA \u2013 Kunststoff Produkte Aktuell in Ulm bot auch in diesem Jahr wieder eine hervorragende Plattform f\u00fcr Austausch, Inspiration und neue Kontakte.<\/p>\n<p>An unserem Stand konnten Besucher unsere L\u00f6sungen aus dem Bereich Kabelverschraubungen, Verbindungselemente und Schutzelemente kennenlernen \u2013 und an unserer \u201eDIY Touch + Try\u201c-Station sogar selbst ausprobieren. Besonders gro\u00dfes Interesse galt unseren Push-In Kabelverschraubungen, die eine schnelle und einfache Montage erm\u00f6glichen.<\/p>\n<p>Wir bedanken uns herzlich bei allen Besuchern, Partnern und Interessenten f\u00fcr die vielen anregenden Gespr\u00e4che, das positive Feedback und das gro\u00dfe Interesse an unseren Produkten.<\/p>\n<p>Die Messe hat erneut gezeigt, wie wichtig der pers\u00f6nliche Austausch in unserer Branche ist \u2013 wir freuen uns schon auf ein Wiedersehen!<\/p>\n<p>Ihr Team der CENA Kunststoff GmbH<\/p>","protected":false},"excerpt":{"rendered":"<p>Zwei spannende und intensive Tage liegen hinter uns: Die KPA \u2013 Kunststoff Produkte Aktuell in Ulm bot auch in diesem Jahr wieder eine hervorragende Plattform f\u00fcr Austausch, Inspiration und neue Kontakte. An unserem Stand konnten Besucher unsere L\u00f6sungen aus dem Bereich Kabelverschraubungen, Verbindungselemente und Schutzelemente kennenlernen \u2013 und an unserer \u201eDIY Touch + Try\u201c-Station sogar&hellip;<\/p>","protected":false},"author":1,"featured_media":5099,"comment_status":"closed","ping_status":"closed","sticky":false,"template":"","format":"standard","meta":{"footnotes":""},"categories":[66,62],"tags":[],"class_list":["post-5097","post","type-post","status-publish","format-standard","has-post-thumbnail","hentry","category-kpa","category-messe","category-66","category-62","description-off"],"_links":{"self":[{"href":"https:\/\/www.cena.de\/en\/wp-json\/wp\/v2\/posts\/5097","targetHints":{"allow":["GET"]}}],"collection":[{"href":"https:\/\/www.cena.de\/en\/wp-json\/wp\/v2\/posts"}],"about":[{"href":"https:\/\/www.cena.de\/en\/wp-json\/wp\/v2\/types\/post"}],"author":[{"embeddable":true,"href":"https:\/\/www.cena.de\/en\/wp-json\/wp\/v2\/users\/1"}],"replies":[{"embeddable":true,"href":"https:\/\/www.cena.de\/en\/wp-json\/wp\/v2\/comments?post=5097"}],"version-history":[{"count":0,"href":"https:\/\/www.cena.de\/en\/wp-json\/wp\/v2\/posts\/5097\/revisions"}],"wp:featuredmedia":[{"embeddable":true,"href":"https:\/\/www.cena.de\/en\/wp-json\/wp\/v2\/media\/5099"}],"wp:attachment":[{"href":"https:\/\/www.cena.de\/en\/wp-json\/wp\/v2\/media?parent=5097"}],"wp:term":[{"taxonomy":"category","embeddable":true,"href":"https:\/\/www.cena.de\/en\/wp-json\/wp\/v2\/categories?post=5097"},{"taxonomy":"post_tag","embeddable":true,"href":"https:\/\/www.cena.de\/en\/wp-json\/wp\/v2\/tags?post=5097"}],"curies":[{"name":"wp","href":"https:\/\/api.w.org\/{rel}","templated":true}]}}