{"id":4937,"date":"2025-03-11T14:27:32","date_gmt":"2025-03-11T13:27:32","guid":{"rendered":"https:\/\/www.cena.de\/?p=4937"},"modified":"2026-01-27T18:53:22","modified_gmt":"2026-01-27T17:53:22","slug":"kpa-messe-in-bad-salzuflen-13-15-mai-2025","status":"publish","type":"post","link":"https:\/\/www.cena.de\/en\/kpa-messe-in-bad-salzuflen-13-15-mai-2025\/","title":{"rendered":"KPA Messe in Bad Salzuflen 13.-15. Mai 2025"},"content":{"rendered":"<p>Die KPA Messe ist der Treffpunkt der Kunststoffbranche \u2013 eine kompakte und inspirierende Plattform, um zukunftsweisende L\u00f6sungen hautnah zu erleben.<br \/>\nUnd wir sind stolz, zum ersten Mal als Aussteller auf der KPA Bad Salzuflen vertreten zu sein!<\/p>\n<p>Komm vorbei, lass dich von innovativen Ideen und L\u00f6sungen rund um die Kunststoffbranche begeistern und nutze die Gelegenheit f\u00fcr spannende Gespr\u00e4che.<br \/>\nWir freuen uns, dir unsere neuesten Entwicklungen vorzustellen und gemeinsam mit dir L\u00f6sungen zu entdecken, die echte Mehrwerte schaffen!<\/p>\n<p>\ud83d\udcc5 Wann? 13 &#8211; 15 Mai 2025<br \/>\n\ud83d\udccd Wo? Benzstra\u00dfe 23, 32108 Bad Salzuflen<br \/>\nUnser Stand: 21-D6 \u2013 Wir freuen uns auf euren Besuch! \ud83e\udd1d<\/p>\n<p>\ud83d\udca1kostenfreie Tickets f\u00fcr die KPA Bad Salzuflen stehen zur Verf\u00fcgung.<br \/>\nWenn Sie Interesse haben, lassen Sie es uns bitte wissen.<br \/>\nSchreib einfach an: <a href=\"mailto:eku@cena.de\">eku@cena.de<\/a>, und wir k\u00fcmmern uns um alles Weitere.<\/p>","protected":false},"excerpt":{"rendered":"<p>Die KPA Messe ist der Treffpunkt der Kunststoffbranche \u2013 eine kompakte und inspirierende Plattform, um zukunftsweisende L\u00f6sungen hautnah zu erleben. Und wir sind stolz, zum ersten Mal als Aussteller auf der KPA Bad Salzuflen vertreten zu sein! Komm vorbei, lass dich von innovativen Ideen und L\u00f6sungen rund um die Kunststoffbranche begeistern und nutze die Gelegenheit&hellip;<\/p>","protected":false},"author":2,"featured_media":4935,"comment_status":"closed","ping_status":"closed","sticky":false,"template":"","format":"standard","meta":{"footnotes":""},"categories":[62],"tags":[63],"class_list":["post-4937","post","type-post","status-publish","format-standard","has-post-thumbnail","hentry","category-messe","tag-kpa","category-62","description-off"],"_links":{"self":[{"href":"https:\/\/www.cena.de\/en\/wp-json\/wp\/v2\/posts\/4937","targetHints":{"allow":["GET"]}}],"collection":[{"href":"https:\/\/www.cena.de\/en\/wp-json\/wp\/v2\/posts"}],"about":[{"href":"https:\/\/www.cena.de\/en\/wp-json\/wp\/v2\/types\/post"}],"author":[{"embeddable":true,"href":"https:\/\/www.cena.de\/en\/wp-json\/wp\/v2\/users\/2"}],"replies":[{"embeddable":true,"href":"https:\/\/www.cena.de\/en\/wp-json\/wp\/v2\/comments?post=4937"}],"version-history":[{"count":0,"href":"https:\/\/www.cena.de\/en\/wp-json\/wp\/v2\/posts\/4937\/revisions"}],"wp:featuredmedia":[{"embeddable":true,"href":"https:\/\/www.cena.de\/en\/wp-json\/wp\/v2\/media\/4935"}],"wp:attachment":[{"href":"https:\/\/www.cena.de\/en\/wp-json\/wp\/v2\/media?parent=4937"}],"wp:term":[{"taxonomy":"category","embeddable":true,"href":"https:\/\/www.cena.de\/en\/wp-json\/wp\/v2\/categories?post=4937"},{"taxonomy":"post_tag","embeddable":true,"href":"https:\/\/www.cena.de\/en\/wp-json\/wp\/v2\/tags?post=4937"}],"curies":[{"name":"wp","href":"https:\/\/api.w.org\/{rel}","templated":true}]}}