{"id":4778,"date":"2024-02-21T23:23:00","date_gmt":"2024-02-21T22:23:00","guid":{"rendered":"https:\/\/www.cena.de\/?p=4778"},"modified":"2026-02-02T21:56:00","modified_gmt":"2026-02-02T20:56:00","slug":"single-product-page-4","status":"publish","type":"post","link":"https:\/\/www.cena.de\/en\/single-product-page-4\/","title":{"rendered":"Erweiterung des PUSH\u2010IN Variablen Einsteckrastverschraubungs-Programm mit der neuen VERV25\u2010M225"},"content":{"rendered":"<p><img fetchpriority=\"high\" decoding=\"async\" class=\"alignleft size-large wp-image-4573\" src=\"https:\/\/www.cena.de\/wp-content\/uploads\/2023\/01\/Einsteckrastverschraubung_01-1024x164.jpg\" alt=\"\" width=\"1024\" height=\"164\" srcset=\"https:\/\/www.cena.de\/wp-content\/uploads\/2023\/01\/Einsteckrastverschraubung_01-1024x164.jpg 1024w, https:\/\/www.cena.de\/wp-content\/uploads\/2023\/01\/Einsteckrastverschraubung_01-300x48.jpg 300w, https:\/\/www.cena.de\/wp-content\/uploads\/2023\/01\/Einsteckrastverschraubung_01-768x123.jpg 768w, https:\/\/www.cena.de\/wp-content\/uploads\/2023\/01\/Einsteckrastverschraubung_01-18x3.jpg 18w, https:\/\/www.cena.de\/wp-content\/uploads\/2023\/01\/Einsteckrastverschraubung_01.jpg 1198w\" sizes=\"(max-width: 1024px) 100vw, 1024px\" \/><\/p>\n<div>\n<ul>\n<li>Vielseitig einsetzbar f\u00fcr gro\u00dfe Geh\u00e4use-Wandst\u00e4rkenunterschiede von ca. 0,8-4 mm<\/li>\n<li>Optimiert f\u00fcr die M\u00f6glichkeit der Montage mit bereits an der Verschraubung vorkonfektionierten Kabeln<\/li>\n<\/ul>\n<\/div>\n<ul>\n<li>\n<div>\n<p>Einseitige, leichte und schnelle Montage von au\u00dfen z.B. an einem Geh\u00e4use ohne Gegenmutter<\/p>\n<\/div>\n<\/li>\n<li>\n<div>\n<p>Eigene Entwicklung \u2013 als Alternative zu bestehenden Einsteckverschraubungen der Mitbewerber<\/p>\n<\/div>\n<\/li>\n<li>\n<div>\n<p>geeignet f\u00fcr den standardisierten Einbau und zerst\u00f6rungsfreien Ausbau<\/p>\n<\/div>\n<\/li>\n<li>\n<div>\n<p>Kosteng\u00fcnstig<\/p>\n<\/div>\n<\/li>\n<li>\n<div>\n<p>Auszugskraft der Verschraubung &gt;&gt;600N<\/p>\n<\/div>\n<\/li>\n<li>\n<div>\n<p>Ip68<\/p>\n<\/div>\n<\/li>\n<li>\n<div><strong>Klemmbereiche:<\/strong><\/div>\n<div>VERV16-M14 ca. 4-10 mm, reduziert ca. 2-7 mm<\/div>\n<div>VERV20-M18 ca. 6-12 mm, reduziert ca. 4-10 mm<br \/>\nVERV25-M225 ca. 9-16 mm, reduziert ca. 5-14 mm<\/div>\n<\/li>\n<\/ul>\n<p>&nbsp;<\/p>\n<p>&nbsp;<\/p>\n<p><img decoding=\"async\" class=\"alignleft wp-image-4780 size-large\" src=\"https:\/\/www.cena.de\/wp-content\/uploads\/2024\/02\/Einsteckrastverschraubung_03-1024x314.jpg\" alt=\"\" width=\"1024\" height=\"314\" srcset=\"https:\/\/www.cena.de\/wp-content\/uploads\/2024\/02\/Einsteckrastverschraubung_03-1024x314.jpg 1024w, https:\/\/www.cena.de\/wp-content\/uploads\/2024\/02\/Einsteckrastverschraubung_03-300x92.jpg 300w, https:\/\/www.cena.de\/wp-content\/uploads\/2024\/02\/Einsteckrastverschraubung_03-768x236.jpg 768w, https:\/\/www.cena.de\/wp-content\/uploads\/2024\/02\/Einsteckrastverschraubung_03-18x6.jpg 18w, https:\/\/www.cena.de\/wp-content\/uploads\/2024\/02\/Einsteckrastverschraubung_03.jpg 1200w\" sizes=\"(max-width: 1024px) 100vw, 1024px\" \/><\/p>\n<p><strong>xxx=018 tiefschwarz,<\/strong> \u00e4hnlich RAL 9005<br \/>\n<strong>xxx=035 lichtgrau,<\/strong> \u00e4hnlich RAL 7035<\/p>\n<p><strong>DOWNLOAD:<\/strong> <a href=\"https:\/\/www.cena.de\/wp-content\/uploads\/2024\/02\/Newsletter_Push-In_Kabelverschraubung_01-2024_25erVERV_mail.pdf\" target=\"_blank\" rel=\"noopener\">Newsletter<\/a><\/p>\n<p>&nbsp;<\/p>\n<div style=\"width: 1200px;\" class=\"wp-video\"><video class=\"wp-video-shortcode\" id=\"video-4778-1\" width=\"1200\" height=\"675\" poster=\"https:\/\/www.cena.de\/wp-content\/uploads\/2023\/03\/Cena-VERV16-20-HD-Hochladen.jpg\" preload=\"metadata\" controls=\"controls\"><source type=\"video\/mp4\" src=\"https:\/\/www.cena.de\/wp-content\/uploads\/2023\/03\/Cena-VERV16-20-HD-audio.m4v?_=1\" \/><source type=\"video\/webm\" src=\"https:\/\/www.cena.de\/wp-content\/uploads\/2023\/03\/Cena-VERV16-20-HD-audio.webm?_=1\" \/><source type=\"video\/ogg\" src=\"https:\/\/www.cena.de\/wp-content\/uploads\/2023\/03\/Cena-VERV16-20-HD-audio.ogv?_=1\" \/><a href=\"https:\/\/www.cena.de\/wp-content\/uploads\/2023\/03\/Cena-VERV16-20-HD-audio.m4v\">https:\/\/www.cena.de\/wp-content\/uploads\/2023\/03\/Cena-VERV16-20-HD-audio.m4v<\/a><\/video><\/div>","protected":false},"excerpt":{"rendered":"<p>Vielseitig einsetzbar f\u00fcr gro\u00dfe Geh\u00e4use-Wandst\u00e4rkenunterschiede von ca. 0,8-4 mm Optimiert f\u00fcr die M\u00f6glichkeit der Montage mit bereits an der Verschraubung vorkonfektionierten Kabeln Einseitige, leichte und schnelle Montage von au\u00dfen z.B. an einem Geh\u00e4use ohne Gegenmutter Eigene Entwicklung \u2013 als Alternative zu bestehenden Einsteckverschraubungen der Mitbewerber geeignet f\u00fcr den standardisierten Einbau und zerst\u00f6rungsfreien Ausbau Kosteng\u00fcnstig Auszugskraft&hellip;<\/p>","protected":false},"author":1,"featured_media":4571,"comment_status":"closed","ping_status":"closed","sticky":false,"template":"","format":"standard","meta":{"footnotes":""},"categories":[46,50,51],"tags":[52],"class_list":["post-4778","post","type-post","status-publish","format-standard","has-post-thumbnail","hentry","category-einsteckverschraubung","category-pushin-variable-einsteckrastverschraubung","category-video","tag-video","category-46","category-50","category-51","description-off"],"_links":{"self":[{"href":"https:\/\/www.cena.de\/en\/wp-json\/wp\/v2\/posts\/4778","targetHints":{"allow":["GET"]}}],"collection":[{"href":"https:\/\/www.cena.de\/en\/wp-json\/wp\/v2\/posts"}],"about":[{"href":"https:\/\/www.cena.de\/en\/wp-json\/wp\/v2\/types\/post"}],"author":[{"embeddable":true,"href":"https:\/\/www.cena.de\/en\/wp-json\/wp\/v2\/users\/1"}],"replies":[{"embeddable":true,"href":"https:\/\/www.cena.de\/en\/wp-json\/wp\/v2\/comments?post=4778"}],"version-history":[{"count":0,"href":"https:\/\/www.cena.de\/en\/wp-json\/wp\/v2\/posts\/4778\/revisions"}],"wp:featuredmedia":[{"embeddable":true,"href":"https:\/\/www.cena.de\/en\/wp-json\/wp\/v2\/media\/4571"}],"wp:attachment":[{"href":"https:\/\/www.cena.de\/en\/wp-json\/wp\/v2\/media?parent=4778"}],"wp:term":[{"taxonomy":"category","embeddable":true,"href":"https:\/\/www.cena.de\/en\/wp-json\/wp\/v2\/categories?post=4778"},{"taxonomy":"post_tag","embeddable":true,"href":"https:\/\/www.cena.de\/en\/wp-json\/wp\/v2\/tags?post=4778"}],"curies":[{"name":"wp","href":"https:\/\/api.w.org\/{rel}","templated":true}]}}